{"id":1013,"date":"2024-02-12T19:08:10","date_gmt":"2024-02-12T18:08:10","guid":{"rendered":"https:\/\/www.komzblog.bzh\/?p=1013"},"modified":"2024-11-21T16:47:46","modified_gmt":"2024-11-21T15:47:46","slug":"carnaval-de-douarnenez-une-tradition-feerique-ancree-dans-lhistoire-bretonne","status":"publish","type":"post","link":"https:\/\/www.komzblog.bzh\/br-fr\/carnaval-de-douarnenez-une-tradition-feerique-ancree-dans-lhistoire-bretonne\/","title":{"rendered":"Carnaval de Douarnenez : Une tradition f\u00e9erique ancr\u00e9e dans l&#8217;histoire bretonne&#8221;"},"content":{"rendered":"\n<p>L&#8217;histoire captivante des Gras de Douarnenez \u00e0 travers son histoire, son d\u00e9roul\u00e9 et quelques mots et expressions en breton autour du carnaval.<\/p>\n\n\n\n<h3 class=\"wp-block-heading\">1. Les origines du carnaval : <\/h3>\n\n\n\n<h4 class=\"wp-block-heading\">Une tradition ancr\u00e9e dans le calendrier de p\u00eache<\/h4>\n\n\n\n<p>Les premi\u00e8res mentions du carnaval datent de 1835, mais son existence remonte \u00e0 une \u00e9poque bien ant\u00e9rieure. Jean-Michel Le Boulanger souligne que les festivit\u00e9s des Gras marquaient la transition entre les p\u00eaches hivernales et les activit\u00e9s plus lucratives, comme la p\u00eache au maquereau. Int\u00e9gr\u00e9 au calendrier catholique et au calendrier de p\u00eache, le carnaval de Douarnenez est bien plus qu&#8217;une simple c\u00e9l\u00e9bration.<\/p>\n\n\n<div class=\"wp-block-image\">\n<figure class=\"aligncenter size-large is-resized\"><img decoding=\"async\" width=\"1024\" height=\"640\" src=\"https:\/\/www.komzblog.bzh\/wp-content\/uploads\/2024\/02\/city-3206733_1280-1024x640.jpg\" alt=\"\" class=\"wp-image-1031\" style=\"width:584px;height:auto\" srcset=\"https:\/\/www.komzblog.bzh\/wp-content\/uploads\/2024\/02\/city-3206733_1280-1024x640.jpg 1024w, https:\/\/www.komzblog.bzh\/wp-content\/uploads\/2024\/02\/city-3206733_1280-300x188.jpg 300w, https:\/\/www.komzblog.bzh\/wp-content\/uploads\/2024\/02\/city-3206733_1280-768x480.jpg 768w, https:\/\/www.komzblog.bzh\/wp-content\/uploads\/2024\/02\/city-3206733_1280.jpg 1280w\" sizes=\"(max-width: 1024px) 100vw, 1024px\" \/><\/figure><\/div>\n\n\n<h4 class=\"wp-block-heading\">Un d\u00e9veloppement structur\u00e9 au XIXe si\u00e8cle<\/h4>\n\n\n\n<p>En 1897, des notables et un comit\u00e9 municipal prennent l&#8217;initiative d&#8217;organiser les festivit\u00e9s. Ils structures l&#8217;\u00e9v\u00e9nement avec des d\u00e9fil\u00e9s de chars et des bals, canalisant ainsi la c\u00e9l\u00e9bration qui, jusqu&#8217;alors, \u00e9tait populaire sans cadre pr\u00e9cis.<\/p>\n\n\n\n<h4 class=\"wp-block-heading\">Les d\u00e9fis du XXe si\u00e8cle et la r\u00e9silience du carnaval<\/h4>\n\n\n\n<p>Les ann\u00e9es 1950 marquent une p\u00e9riode difficile \u00e0 Douarnenez avec la crise du port de p\u00eache. Cependant, un nouveau comit\u00e9 en 1959 insuffle une nouvelle vie au carnaval en instaurant un d\u00e9fil\u00e9 costum\u00e9. Pendant les ann\u00e9es 1970, malgr\u00e9 des changements dans le public et les participants, le carnaval prosp\u00e8re en tant que tradition originale.<\/p>\n\n\n\n<h4 class=\"wp-block-heading\">Les \u00e9preuves du temps<\/h4>\n\n\n\n<p>En 1984, le Den Paolig, symbole embl\u00e9matique du carnaval, est vol\u00e9 pendant les festivit\u00e9s, refl\u00e9tant les d\u00e9fis auxquels la c\u00e9l\u00e9bration a d\u00fb faire face. N\u00e9anmoins, le carnaval persiste, se r\u00e9invente et s&#8217;adapte aux changements sociaux et \u00e9conomiques jusqu&#8217;au XXI \u00e8me si\u00e8cle.  <\/p>\n\n\n\n<h4 class=\"wp-block-heading\">La pand\u00e9mie de 2021 : Un carnaval contraint \u00e0 la pause<\/h4>\n\n\n\n<p>En 2021, en raison des circonstances li\u00e9es \u00e0 la Covid-19, le carnaval de Douarnenez est malheureusement annul\u00e9. Cependant, cette pause temporaire prouve que cette tradition qui a su traverser les \u00e9poques et les \u00e9preuves.<\/p>\n\n\n\n<p>Le carnaval de Douarnenez, inscrit dans l&#8217;histoire de la ville et fa\u00e7onn\u00e9 par les \u00e9volutions socio-\u00e9conomiques, demeure une c\u00e9l\u00e9bration vivante et r\u00e9siliente. Face aux vents du temps et aux d\u00e9fis modernes, il continue d&#8217;incarner l&#8217;esprit festif et l&#8217;identit\u00e9 bretonne, promettant de perdurer malgr\u00e9 les \u00e9preuves.<\/p>\n\n\n\n<h3 class=\"wp-block-heading\">2. L&#8217;impact culturel : Un carnaval au c\u0153ur de la vie communautaire<\/h3>\n\n\n\n<p>Les Gras de Douarnenez ont toujours \u00e9t\u00e9 plus qu&#8217;une simple f\u00eate : ils symbolisent l&#8217;unit\u00e9 et la solidarit\u00e9 au sein de cette ville bretonne. Chaque ann\u00e9e, les habitants se mobilisent pour cr\u00e9er des chars, confectionner des costumes et participer aux festivit\u00e9s, renfor\u00e7ant ainsi les liens entre les g\u00e9n\u00e9rations.<\/p>\n\n\n\n<p>La f\u00eate elle-m\u00eame est une explosion de couleurs, de musiques entra\u00eenantes et de danses endiabl\u00e9es. Les rues de Douarnenez se transforment en une sc\u00e8ne vivante o\u00f9 les traditions du pass\u00e9 fusionnent avec la cr\u00e9ativit\u00e9 contemporaine, offrant une exp\u00e9rience unique aux habitants et aux visiteurs.<\/p>\n\n\n\n<h3 class=\"wp-block-heading\">3. Un d\u00e9roul\u00e9 en six actes<\/h3>\n\n\n\n<h4 class=\"wp-block-heading\">Intronisation du Den Paolig : Le couronnement f\u00e9erique<\/h4>\n\n\n\n<p>La f\u00e9erie d\u00e9bute le samedi avec l&#8217;intronisation du Den Paolig, le roi du carnaval. Cette effigie de 3 m\u00e8tres en papier m\u00e2ch\u00e9, suspendue au fronton des halles, incarne une personnalit\u00e9 locale, myst\u00e9rieusement r\u00e9v\u00e9l\u00e9e \u00e0 travers des indices diss\u00e9min\u00e9s dans la ville. Le Den Paolig veillera sur les festivit\u00e9s avec majest\u00e9.<\/p>\n\n\n<div class=\"wp-block-image\">\n<figure class=\"aligncenter size-full is-resized\"><img decoding=\"async\" width=\"826\" height=\"551\" src=\"https:\/\/www.komzblog.bzh\/wp-content\/uploads\/2024\/02\/marionnette-geante-au-carnaval-gras-douarnenez-bretagne_633872-24.jpg\" alt=\"\" class=\"wp-image-1034\" style=\"width:634px;height:auto\" srcset=\"https:\/\/www.komzblog.bzh\/wp-content\/uploads\/2024\/02\/marionnette-geante-au-carnaval-gras-douarnenez-bretagne_633872-24.jpg 826w, https:\/\/www.komzblog.bzh\/wp-content\/uploads\/2024\/02\/marionnette-geante-au-carnaval-gras-douarnenez-bretagne_633872-24-300x200.jpg 300w, https:\/\/www.komzblog.bzh\/wp-content\/uploads\/2024\/02\/marionnette-geante-au-carnaval-gras-douarnenez-bretagne_633872-24-768x512.jpg 768w\" sizes=\"(max-width: 826px) 100vw, 826px\" \/><figcaption class=\"wp-element-caption\">Copyright : Breizhatao<\/figcaption><\/figure><\/div>\n\n\n<h4 class=\"wp-block-heading\">Noce des Gras et d\u00e9fil\u00e9 : Une journ\u00e9e d&#8217;\u00e9clat et de couleurs<\/h4>\n\n\n\n<p>Le dimanche, la noce des Gras enflamme la ville de Douarnenez. La journ\u00e9e atteint son apog\u00e9e avec un d\u00e9fil\u00e9 spectaculaire, r\u00e9unissant tous les \u00e2ges dans une explosion de costumes color\u00e9s, de chars th\u00e9matiques et de musique enivrante. Une c\u00e9l\u00e9bration visuelle et sonore qui enchante les rues.<\/p>\n\n\n<div class=\"wp-block-image\">\n<figure class=\"aligncenter size-large is-resized\"><img decoding=\"async\" width=\"820\" height=\"1024\" src=\"https:\/\/www.komzblog.bzh\/wp-content\/uploads\/2024\/02\/Screenshot_20240212_183353_Instagram-820x1024.jpg\" alt=\"\" class=\"wp-image-1028\" style=\"width:561px;height:auto\" srcset=\"https:\/\/www.komzblog.bzh\/wp-content\/uploads\/2024\/02\/Screenshot_20240212_183353_Instagram-820x1024.jpg 820w, https:\/\/www.komzblog.bzh\/wp-content\/uploads\/2024\/02\/Screenshot_20240212_183353_Instagram-240x300.jpg 240w, https:\/\/www.komzblog.bzh\/wp-content\/uploads\/2024\/02\/Screenshot_20240212_183353_Instagram-768x959.jpg 768w, https:\/\/www.komzblog.bzh\/wp-content\/uploads\/2024\/02\/Screenshot_20240212_183353_Instagram.jpg 1079w\" sizes=\"(max-width: 820px) 100vw, 820px\" \/><figcaption class=\"wp-element-caption\">Copyright : Douarnenez.bzh<\/figcaption><\/figure><\/div>\n\n\n<h4 class=\"wp-block-heading\">Course des gar\u00e7ons de caf\u00e9 et bals : Une journ\u00e9e ludique et anim\u00e9e<\/h4>\n\n\n\n<p>Le lundi prend une tournure ludique avec la traditionnelle course des gar\u00e7ons de caf\u00e9. Les \u00e9quipes rivalisent dans des \u00e9preuves vari\u00e9es au sein des bars de la ville. La comp\u00e9tition donne lieu \u00e0 des moments hilarants et d\u00e9brid\u00e9s. En soir\u00e9e, les bals prolongent la joie avec la promesse d&#8217;une nuit m\u00e9morable.<\/p>\n\n\n\n<h4 class=\"wp-block-heading\">Bal costum\u00e9 de &#8220;La folle nuit des Gras&#8221; : Le point culminant des festivit\u00e9s<\/h4>\n\n\n\n<p>Le mardi soir devient le th\u00e9\u00e2tre du bal costum\u00e9 de &#8220;La Folle Nuit des Gras&#8221;. Un spectacle de couleurs, de costumes originaux et de danses endiabl\u00e9es. C&#8217;est le point culminant o\u00f9 l&#8217;esprit festif atteint son apog\u00e9e.<\/p>\n\n\n\n<h4 class=\"wp-block-heading\">Bal des enfants : Une f\u00eate d\u00e9di\u00e9e aux plus jeunes<\/h4>\n\n\n\n<p>Le mercredi, le &#8220;Bal des Enfants&#8221; transforme la salle des f\u00eates en un royaume f\u00e9\u00e9rique pour les plus jeunes. Une journ\u00e9e d\u00e9di\u00e9e \u00e0 l&#8217;innocence et \u00e0 l&#8217;amusement, o\u00f9 les enfants participent activement \u00e0 la magie du carnaval.<\/p>\n\n\n\n<h4 class=\"wp-block-heading\">Cr\u00e9mation du Den Paolig et feu d&#8217;artifice : Une fin \u00e9pique<\/h4>\n\n\n\n<p>Suivant la tradition, le Den Paolig conna\u00eet sa fin dans un feu de joie sur le quai du port du Rosmeur. La cr\u00e9mation est accompagn\u00e9e d&#8217;un spectacle pyrotechnique \u00e9blouissant qui conclut le carnaval dans une explosion de lumi\u00e8re et de couleurs, laissant des souvenirs imp\u00e9rissables dans le c\u0153ur des participants et des spectateurs.<\/p>\n\n\n\n<h3 class=\"wp-block-heading\">4. Quelques mots et expressions en breton autour du carnaval<\/h3>\n\n\n\n<h4 class=\"wp-block-heading\">Un peu de vocabulaire :<\/h4>\n\n\n\n<ul class=\"wp-block-list\">\n<li>Meurlarjez = Carnaval\/Mardi-Gras<\/li>\n\n\n\n<li>Gwiskamant = D\u00e9guisement<\/li>\n\n\n\n<li>Tan-arvest = Feu d&#8217;artifice<\/li>\n\n\n\n<li>Karr = Charr<\/li>\n\n\n\n<li>Maskl = Masque<\/li>\n\n\n\n<li>Fard = Maquillage<\/li>\n\n\n\n<li>Dibunadeg = D\u00e9fil\u00e9<\/li>\n<\/ul>\n\n\n\n<h4 class=\"wp-block-heading\">Des expressions en breton :<\/h4>\n\n\n\n<ul class=\"wp-block-list\">\n<li>Ober Meurlarjez = Faire Mardi-Gras ce qui signifie &#8220;Bien manger&#8221;<\/li>\n\n\n\n<li>Ker evel pebr da veurlarjez = Cher comme le poivre au mardi-gras, qui d\u00e9signe quelque chose de tr\u00e8s cher.<\/li>\n<\/ul>\n\n\n\n<p>Dans un registre plus familier : <\/p>\n\n\n\n<ul class=\"wp-block-list\">\n<li>Mar deuhe Meurlarjez teir gwezh ar bloaz, e lakafe an dud da redek noazh = Si mardi-gras venait trois fois par an, il ferait courir les gens nus.<\/li>\n\n\n\n<li>Honnezh zo meurlarjez ganti = Celle-l\u00e0 \u00e0 mardi-gras avec elle, ce qui signifie qu&#8217;elle a ses r\u00e8gles<\/li>\n<\/ul>\n\n\n\n<p>Sources : <\/p>\n\n\n\n<ul class=\"wp-block-list\">\n<li>Petit Guide d&#8217;initiation au breton de Martial M\u00e9nard de chez Coop Breizh<\/li>\n\n\n\n<li>https:\/\/douarnenez-tourisme.com\/<\/li>\n\n\n\n<li>https:\/\/www.douarnenez.bzh\/<\/li>\n\n\n\n<li>https:\/\/fr.wikipedia.org\/wiki\/Les_Gras_de_Douarnenez<\/li>\n<\/ul>\n","protected":false},"excerpt":{"rendered":"<p>L&#8217;histoire captivante des Gras de Douarnenez \u00e0 travers son histoire, son d\u00e9roul\u00e9 et quelques mots et expressions en breton autour du carnaval. 1. Les origines du carnaval : Une tradition ancr\u00e9e dans le calendrier de p\u00eache Les premi\u00e8res mentions du carnaval datent de 1835, mais son existence remonte \u00e0 une \u00e9poque bien ant\u00e9rieure. Jean-Michel Le [&hellip;]<\/p>\n","protected":false},"author":2,"featured_media":2271,"comment_status":"closed","ping_status":"closed","sticky":false,"template":"","format":"standard","meta":{"_acf_changed":false,"_seopress_robots_primary_cat":"none","_seopress_titles_title":"","_seopress_titles_desc":"","_seopress_robots_index":"","footnotes":""},"categories":[15,1,38],"tags":[21],"class_list":["post-1013","post","type-post","status-publish","format-standard","has-post-thumbnail","hentry","category-balades","category-non-classifiee","category-parler-breton","tag-bretagne"],"acf":[],"_links":{"self":[{"href":"https:\/\/www.komzblog.bzh\/br-fr\/wp-json\/wp\/v2\/posts\/1013","targetHints":{"allow":["GET"]}}],"collection":[{"href":"https:\/\/www.komzblog.bzh\/br-fr\/wp-json\/wp\/v2\/posts"}],"about":[{"href":"https:\/\/www.komzblog.bzh\/br-fr\/wp-json\/wp\/v2\/types\/post"}],"author":[{"embeddable":true,"href":"https:\/\/www.komzblog.bzh\/br-fr\/wp-json\/wp\/v2\/users\/2"}],"replies":[{"embeddable":true,"href":"https:\/\/www.komzblog.bzh\/br-fr\/wp-json\/wp\/v2\/comments?post=1013"}],"version-history":[{"count":4,"href":"https:\/\/www.komzblog.bzh\/br-fr\/wp-json\/wp\/v2\/posts\/1013\/revisions"}],"predecessor-version":[{"id":1041,"href":"https:\/\/www.komzblog.bzh\/br-fr\/wp-json\/wp\/v2\/posts\/1013\/revisions\/1041"}],"wp:featuredmedia":[{"embeddable":true,"href":"https:\/\/www.komzblog.bzh\/br-fr\/wp-json\/wp\/v2\/media\/2271"}],"wp:attachment":[{"href":"https:\/\/www.komzblog.bzh\/br-fr\/wp-json\/wp\/v2\/media?parent=1013"}],"wp:term":[{"taxonomy":"category","embeddable":true,"href":"https:\/\/www.komzblog.bzh\/br-fr\/wp-json\/wp\/v2\/categories?post=1013"},{"taxonomy":"post_tag","embeddable":true,"href":"https:\/\/www.komzblog.bzh\/br-fr\/wp-json\/wp\/v2\/tags?post=1013"}],"curies":[{"name":"wp","href":"https:\/\/api.w.org\/{rel}","templated":true}]}}