{"id":22,"date":"2022-01-16T17:17:40","date_gmt":"2022-01-16T16:17:40","guid":{"rendered":"http:\/\/localhost\/theme\/?p=22"},"modified":"2024-01-15T14:43:34","modified_gmt":"2024-01-15T13:43:34","slug":"mon-article-2","status":"publish","type":"post","link":"https:\/\/www.komzblog.bzh\/br-fr\/mon-article-2\/","title":{"rendered":"Le Canada breton"},"content":{"rendered":"\n<p>C&#8217;est 13km de bonheur \u00e0 d\u00e9couvrir en une ou plusieurs fois le long de l&#8217;Odet au sud-ouest de Quimper.<\/p>\n\n\n\n<p class=\"has-text-align-left\">Pour vous rendre sur ce parcours magique, direction Plomelin et son d\u00e9part depuis le lieu-dit Meilh Mor. Un parking vous attend pour vous diriger vers le sentier cotier \u00e0 pied ou \u00e0 v\u00e9lo (niveau exp\u00e9riment\u00e9), le long de l&#8217;anse de Combrit. Vous pourrez d&#8217;ailleurs apercevoir le<a href=\"https:\/\/www.bodivit.fr\/\" data-type=\"link\" data-id=\"https:\/\/www.bodivit.fr\/\"> manoir de Bodivit<\/a> d\u00e8s les premiers instants de votre balade. <\/p>\n\n\n\n<p>Quelques minutes plus tard, le four \u00e0 pain, le lavoir et le colombier de Lestremeur vous permettront de  faire la premi\u00e8re pause de ce parcours dans un cadre apaisant, remplit de verdure et accompagn\u00e9 de chants d&#8217;oiseaux.<\/p>\n\n\n\n<p>Pour poursuivre la d\u00e9couverte, deux options s&#8217;offrent \u00e0 vous, soit raccourcir par l&#8217;int\u00e9rieur des terres via le lieu-dit de Koad Uhela ou bien continuer de longer l&#8217;anse de Combrit via Lestrevihan.<\/p>\n\n\n\n<p>Quelques minutes apr\u00e8s avoir appr\u00e9ci\u00e9 la vue sur ce bras de mer qui s&#8217;engouffre dans les terres, vous rejoindrez la route &#8220;Hent Kerouzien&#8221; (d&#8217;ailleurs &#8220;hent&#8221; signifie&#8221; route en breton). En la suivant, vous arriverez jusqu&#8217;au sentier de P\u00e9rennou pour replonger dans la for\u00eat et ainsi remonter l&#8217;Odet en direction de Quimper. Cette partie r\u00e9serve d&#8217;ailleurs de nombreuses surprises !<\/p>\n\n\n\n<p>Sur ce sentier, vous pourrez d\u00e9couvrir le ch\u00e2teau de P\u00e9rennou depuis le pont Rosul qui offre un panorama entre le ch\u00e2teau et l&#8217;Odet. En poursuivant le parcours d&#8217;une centaine de m\u00e8tres les vestiges des thermes romains de P\u00e9rennou permettront une pause historique. Pour poursuivre cette fa\u00e7ette historique de la balade, direction la Villa Galloromaine qui se trouve \u00e0 proximit\u00e9 dans les terres.<\/p>\n\n\n<div class=\"wp-block-image\">\n<figure class=\"aligncenter size-large is-resized\"><img decoding=\"async\" src=\"https:\/\/plomelin.bzh\/wp-content\/uploads\/2023\/01\/thermes-villa-romaines.webp\" alt=\"\" style=\"aspect-ratio:1.5;width:323px;height:auto\"\/><\/figure><\/div>\n\n\n<p>Apr\u00e8s ce point historique, le parcours s&#8217;enfonce dans la for\u00eat avec plus de relief, au milieu des oiseaux, cascades et ruisseaux. <\/p>\n\n\n\n<p>D\u00e9part interm\u00e9diaire : Pour un d\u00e9part au mileu de cette nature en direction de Quimper ou de Plomelin, il est possible de stationner \u00e0 l&#8217;entr\u00e9e du lieu-dit Hent Prat Gouyen.<\/p>\n\n\n\n<p>Il faudra ensuite s&#8217;armer de quelques kilom\u00e8tres de patience \u00e0 profiter du d\u00e9cor pr\u00e9serv\u00e9 avant d&#8217;apercevoir le manoir de Rossulien puis le<a href=\"https:\/\/www.chateau-kerambleiz.fr\/\"> ch\u00e2teau de Kerambleiz<\/a> depuis le Saut de la Pucelle (amas rocheux) qui  offre un sublime point de vue en surplombant l&#8217;Odet.<\/p>\n\n\n\n<p>Evidemment apr\u00e8s avoir parcourus c&#8217;est presque 13km, une r\u00e9compense est la bienvenue, ce sera donc l&#8217;occasion de d\u00e9guster une d\u00e9licieuse cr\u00eape maison et de te d\u00e9salt\u00e9rer au <a href=\"https:\/\/www.facebook.com\/profile.php?id=61550246632653\" data-type=\"link\" data-id=\"https:\/\/www.facebook.com\/profile.php?id=61550246632653\">moulin de Rossulien<\/a>.<\/p>\n\n\n\n<p>\/imag<\/p>\n\n\n<div class=\"wp-block-image\">\n<figure class=\"aligncenter size-large is-resized\"><img decoding=\"async\" width=\"768\" height=\"1024\" src=\"https:\/\/www.komzblog.bzh\/wp-content\/uploads\/2023\/10\/387323781_320619533886919_5591109321283505055_n-768x1024.jpg\" alt=\"\" class=\"wp-image-499\" style=\"aspect-ratio:0.75;width:269px;height:auto\" srcset=\"https:\/\/www.komzblog.bzh\/wp-content\/uploads\/2023\/10\/387323781_320619533886919_5591109321283505055_n-768x1024.jpg 768w, https:\/\/www.komzblog.bzh\/wp-content\/uploads\/2023\/10\/387323781_320619533886919_5591109321283505055_n-225x300.jpg 225w, https:\/\/www.komzblog.bzh\/wp-content\/uploads\/2023\/10\/387323781_320619533886919_5591109321283505055_n-1152x1536.jpg 1152w, https:\/\/www.komzblog.bzh\/wp-content\/uploads\/2023\/10\/387323781_320619533886919_5591109321283505055_n.jpg 1536w\" sizes=\"(max-width: 768px) 100vw, 768px\" \/><\/figure><\/div>\n\n\n<p>Ce moulin se visite et est toujours en activit\u00e9 pour moudre le bl\u00e9 et ainsi obtenir de la farine qui permet la fabrication des d\u00e9licieuses cr\u00eapes. Mieux vaut donc s&#8217;organiser avant de partir sur cette balade en consultant les horaires d&#8217;ouverture du moulin.<\/p>\n\n\n\n<p>D\u00e9couvrez quelques images de cette balades avec notre vid\u00e9o !<\/p>\n\n\n\n<figure class=\"wp-block-embed aligncenter is-type-video is-provider-tiktok wp-block-embed-tiktok\"><div class=\"wp-block-embed__wrapper\">\n<blockquote class=\"tiktok-embed\" cite=\"https:\/\/www.tiktok.com\/@komzbrezhoneg\/video\/7198098378457206021\" data-video-id=\"7198098378457206021\" data-embed-from=\"oembed\" style=\"max-width:605px; min-width:325px;\"> <section> <a target=\"_blank\" title=\"@komzbrezhoneg\" href=\"https:\/\/www.tiktok.com\/@komzbrezhoneg?refer=embed\">@komzbrezhoneg<\/a> <p>Le Canada breton ? <a title=\"bretagne\" target=\"_blank\" href=\"https:\/\/www.tiktok.com\/tag\/bretagne?refer=embed\">#Bretagne<\/a> <a title=\"komzbrezhoneg\" target=\"_blank\" href=\"https:\/\/www.tiktok.com\/tag\/komzbrezhoneg?refer=embed\">#komzbrezhoneg<\/a> <a title=\"breizh\" target=\"_blank\" href=\"https:\/\/www.tiktok.com\/tag\/breizh?refer=embed\">#breizh<\/a> <a title=\"finist\u00e8re\" target=\"_blank\" href=\"https:\/\/www.tiktok.com\/tag\/finist%C3%A8re?refer=embed\">#Finist\u00e8re<\/a> <a title=\"plomelin\" target=\"_blank\" href=\"https:\/\/www.tiktok.com\/tag\/plomelin?refer=embed\">#plomelin<\/a> <\/p> <a target=\"_blank\" title=\"\u266c Why do I Try - Muspace\" href=\"https:\/\/www.tiktok.com\/music\/Why-do-I-Try-7170042395038337026?refer=embed\">\u266c Why do I Try &#8211; Muspace<\/a> <\/section> <\/blockquote> <script async src=\"https:\/\/www.tiktok.com\/embed.js\"><\/script>\n<\/div><\/figure>\n","protected":false},"excerpt":{"rendered":"<p>Bienvenue sur WordPress. Ceci est votre premier article. Modifiez-le ou supprimez-le, puis commencez \u00e0 \u00e9crire\u00a0!<\/p>\n","protected":false},"author":1,"featured_media":497,"comment_status":"open","ping_status":"closed","sticky":false,"template":"","format":"standard","meta":{"_acf_changed":false,"_seopress_robots_primary_cat":"none","_seopress_titles_title":"Le Canada breton","_seopress_titles_desc":"Le Canada breton se trouver sur les berge de l&#039;Odet au Sud de Quimper.","_seopress_robots_index":"","footnotes":""},"categories":[15],"tags":[22,21,23,26,25,24],"class_list":["post-22","post","type-post","status-publish","format-standard","has-post-thumbnail","hentry","category-balades","tag-balade","tag-bretagne","tag-finistere","tag-odet","tag-plomelin","tag-quimper"],"acf":[],"_links":{"self":[{"href":"https:\/\/www.komzblog.bzh\/br-fr\/wp-json\/wp\/v2\/posts\/22","targetHints":{"allow":["GET"]}}],"collection":[{"href":"https:\/\/www.komzblog.bzh\/br-fr\/wp-json\/wp\/v2\/posts"}],"about":[{"href":"https:\/\/www.komzblog.bzh\/br-fr\/wp-json\/wp\/v2\/types\/post"}],"author":[{"embeddable":true,"href":"https:\/\/www.komzblog.bzh\/br-fr\/wp-json\/wp\/v2\/users\/1"}],"replies":[{"embeddable":true,"href":"https:\/\/www.komzblog.bzh\/br-fr\/wp-json\/wp\/v2\/comments?post=22"}],"version-history":[{"count":0,"href":"https:\/\/www.komzblog.bzh\/br-fr\/wp-json\/wp\/v2\/posts\/22\/revisions"}],"wp:featuredmedia":[{"embeddable":true,"href":"https:\/\/www.komzblog.bzh\/br-fr\/wp-json\/wp\/v2\/media\/497"}],"wp:attachment":[{"href":"https:\/\/www.komzblog.bzh\/br-fr\/wp-json\/wp\/v2\/media?parent=22"}],"wp:term":[{"taxonomy":"category","embeddable":true,"href":"https:\/\/www.komzblog.bzh\/br-fr\/wp-json\/wp\/v2\/categories?post=22"},{"taxonomy":"post_tag","embeddable":true,"href":"https:\/\/www.komzblog.bzh\/br-fr\/wp-json\/wp\/v2\/tags?post=22"}],"curies":[{"name":"wp","href":"https:\/\/api.w.org\/{rel}","templated":true}]}}