{"id":867,"date":"2024-03-08T18:24:55","date_gmt":"2024-03-08T17:24:55","guid":{"rendered":"https:\/\/komzblog.monsiteroquette.com\/?p=867"},"modified":"2024-10-08T12:45:42","modified_gmt":"2024-10-08T10:45:42","slug":"les-ecoles-de-breton-en-bretagne-bilingues-ou-immersives","status":"publish","type":"post","link":"https:\/\/www.komzblog.bzh\/br-fr\/les-ecoles-de-breton-en-bretagne-bilingues-ou-immersives\/","title":{"rendered":"Les \u00e9coles de breton en Bretagne (bilingues ou immersives)"},"content":{"rendered":"\n<p>La Bretagne t\u00e9moigne d&#8217;un attachement profond aux langues r\u00e9gionales et particuli\u00e8rement au breton. D&#8217;ailleurs de nombreuses \u00e9coles de breton \u00e9mergent depuis plusieurs ann\u00e9es pour initier les jeunes g\u00e9n\u00e9rations \u00e0 cet h\u00e9ritage linguistique unique. Plongeons dans le paysage \u00e9ducatif breton et explorons les diff\u00e9rentes fili\u00e8res d&#8217;\u00e9coles o\u00f9 les jeunes peuvent apprendre et s&#8217;\u00e9panouir en breton.<\/p>\n\n\n\n<h2 class=\"wp-block-heading\">1. Comment trouver une \u00e9cole en breton ?<\/h2>\n\n\n\n<h3 class=\"wp-block-heading\">Ecole.bzh<\/h3>\n\n\n\n<p><strong><a href=\"https:\/\/ecole.bzh\/\" data-type=\"link\" data-id=\"https:\/\/ecole.bzh\/\">Ecole.bzh<\/a> <\/strong>r\u00e9f\u00e9rence plus de 300 \u00e9tablissements r\u00e9partis dans toute la Bretagne, vous trouverez s\u00fbrement une \u00e9cole \u00e0 proximit\u00e9 offrant \u00e0 votre enfant la possibilit\u00e9 de devenir bilingue fran\u00e7ais-breton ! <\/p>\n\n\n\n<p>Ce site r\u00e9pertorie, gr\u00e2ce \u00e0 sa carte interactive, tous les \u00e9tablissements scolaires proposant, d\u00e8s la maternelle, des programmes bilingues ou immersifs. <\/p>\n\n\n\n<p>Il recense \u00e9galement toutes les portes ouvertes organis\u00e9es par ces \u00e9coles, afin de pouvoir les visiter et rencontrer les \u00e9quipes p\u00e9dagogiques.<\/p>\n\n\n\n<p>N&#8217;h\u00e9sitez pas \u00e0 les contacter et \u00e0 participer \u00e0 leurs journ\u00e9es portes ouvertes (<a href=\"https:\/\/ecole.bzh\/portes-ouvertes\/\" data-type=\"link\" data-id=\"https:\/\/ecole.bzh\/portes-ouvertes\/\">agenda des portes ouvertes<\/a>). Vous pouvez \u00e9galement rencontrer les associations de parents d&#8217;\u00e9l\u00e8ves, actrices de projets au sein de chacun des trois r\u00e9seaux.<\/p>\n\n\n<div class=\"wp-block-image\">\n<figure class=\"aligncenter size-large is-resized\"><img decoding=\"async\" width=\"1024\" height=\"231\" src=\"https:\/\/www.komzblog.bzh\/wp-content\/uploads\/2024\/02\/logo-ecole.bzh_logoiconebaseline-1024x231.jpg\" alt=\"\" class=\"wp-image-1180\" style=\"width:501px;height:auto\" srcset=\"https:\/\/www.komzblog.bzh\/wp-content\/uploads\/2024\/02\/logo-ecole.bzh_logoiconebaseline-1024x231.jpg 1024w, https:\/\/www.komzblog.bzh\/wp-content\/uploads\/2024\/02\/logo-ecole.bzh_logoiconebaseline-300x68.jpg 300w, https:\/\/www.komzblog.bzh\/wp-content\/uploads\/2024\/02\/logo-ecole.bzh_logoiconebaseline-768x173.jpg 768w, https:\/\/www.komzblog.bzh\/wp-content\/uploads\/2024\/02\/logo-ecole.bzh_logoiconebaseline.jpg 1459w\" sizes=\"(max-width: 1024px) 100vw, 1024px\" \/><\/figure><\/div>\n\n\n<p class=\"has-text-align-center\"><em>Source de l&#8217;image : <\/em><a href=\"https:\/\/www.ecole.bzh\/\">ecole.bzh<\/a><\/p>\n\n\n\n<h2 class=\"wp-block-heading\">2. Les diff\u00e9rents types d&#8217;\u00e9coles bilingues et immersives<\/h2>\n\n\n\n<p>Il existe trois r\u00e9seaux diff\u00e9rents pour l\u2019apprentissage du breton d\u00e8s la maternelle.<\/p>\n\n\n\n<p>Ils offrent tous les trois des visions compl\u00e9mentaires pour vous aider \u00e0 choisir l&#8217;\u00e9cole qui convient le mieux \u00e0 votre enfant.<\/p>\n\n\n\n<p>Qu&#8217;il s&#8217;agisse d&#8217;\u00e9coles publiques, catholiques ou associatives Diwan, toutes respectent les programmes de l&#8217;\u00c9ducation Nationale tout en favorisant le bilinguisme pr\u00e9coce.<\/p>\n\n\n\n<h3 class=\"wp-block-heading\">a. Diwan<\/h3>\n\n\n\n<p><strong><a href=\"https:\/\/www.diwan.bzh\/\" data-type=\"link\" data-id=\"https:\/\/www.diwan.bzh\/\">Diwan<\/a>,<\/strong> une institution \u00e9ducative embl\u00e9matique, incarne l&#8217;engagement envers la pr\u00e9servation du breton. Fond\u00e9e en 1977, l&#8217;\u00e9cole Diwan offre une immersion totale dans la langue bretonne, allant de la maternelle au lyc\u00e9e. Avec pr\u00e8s de 4 000 \u00e9l\u00e8ves r\u00e9partis dans une trentaine d&#8217;\u00e9coles \u00e0 travers la Bretagne, Diwan cr\u00e9e un environnement \u00e9ducatif o\u00f9 les jeunes peuvent s&#8217;\u00e9panouir tout en cultivant leur identit\u00e9 bretonne.<\/p>\n\n\n<div class=\"wp-block-image\">\n<figure class=\"aligncenter size-full\"><img decoding=\"async\" width=\"150\" height=\"150\" src=\"https:\/\/www.komzblog.bzh\/wp-content\/uploads\/2024\/02\/logo_carre_diwan-150x150-1.png\" alt=\"\" class=\"wp-image-1171\"\/><\/figure><\/div>\n\n\n<p class=\"has-text-align-center\"><em>Source de l&#8217;image : <a href=\"https:\/\/www.diwan.bzh\/\">Diwan<\/a><\/em><\/p>\n\n\n\n<h3 class=\"wp-block-heading\">b. Div Yezh<\/h3>\n\n\n\n<p><strong><a href=\"https:\/\/div-yezh.bzh\/fr\/\" data-type=\"link\" data-id=\"https:\/\/div-yezh.bzh\/fr\/\">Div Yezh<\/a>,<\/strong> le r\u00e9seau d&#8217;\u00e9coles bilingues public a \u00e9t\u00e9 fond\u00e9 en 1979. Il s&#8217;est d\u00e9velopp\u00e9 pour accueillir des \u00e9l\u00e8ves de la maternelle au lyc\u00e9e en passant pour le coll\u00e8ge. L&#8217;objectif est de cr\u00e9er un environnement \u00e9ducatif o\u00f9 la langue bretonne s&#8217;int\u00e8gre naturellement \u00e0 l&#8217;apprentissage, permettant aux jeunes d&#8217;acqu\u00e9rir des comp\u00e9tences solides tout en favorisant un sentiment d&#8217;appartenance culturelle.<\/p>\n\n\n<div class=\"wp-block-image\">\n<figure class=\"aligncenter size-full\"><img decoding=\"async\" width=\"150\" height=\"150\" src=\"https:\/\/www.komzblog.bzh\/wp-content\/uploads\/2024\/02\/logo_carre_div-yezh-150x150-1.png\" alt=\"\" class=\"wp-image-1174\"\/><\/figure><\/div>\n\n\n<p class=\"has-text-align-center\"><em>Source de l&#8217;image : <a href=\"http:\/\/divyezh.bzh\/\">Div Yezh<\/a><\/em><\/p>\n\n\n\n<h3 class=\"wp-block-heading\">c. Divaskell<\/h3>\n\n\n\n<p><strong><a href=\"https:\/\/www.divaskell.bzh\/\">Divaskell<\/a>,<\/strong> le r\u00e9seau d&#8217;\u00e9coles catholiques bilingues a \u00e9t\u00e9 cr\u00e9\u00e9 en 1978. Il offre un enseignement de qualit\u00e9, allant de la maternelle au lyc\u00e9e, avec une dimension particuli\u00e8re accord\u00e9e \u00e0 la langue bretonne. L&#8217;objectif reste le m\u00eame que les autres fili\u00e8res en permettant aux \u00e9l\u00e8ves d&#8217;\u00e9voluer au sein d&#8217;un environnement incluant la dimension culturelle du territoire.<\/p>\n\n\n<div class=\"wp-block-image\">\n<figure class=\"aligncenter size-full\"><img decoding=\"async\" width=\"150\" height=\"150\" src=\"https:\/\/www.komzblog.bzh\/wp-content\/uploads\/2024\/02\/logo_carre_divaskell-150x150-1.png\" alt=\"\" class=\"wp-image-1177\"\/><\/figure><\/div>\n\n\n<p class=\"has-text-align-center\"><em>Source de l&#8217;image : <\/em><a href=\"https:\/\/www.divaskell.bzh\/\">Divaskell<\/a><\/p>\n\n\n\n<h2 class=\"wp-block-heading\">3. Pourquoi choisir le bilinguisme en breton-fran\u00e7ais ?<\/h2>\n\n\n\n<h3 class=\"wp-block-heading\">a. Le cursus<\/h3>\n\n\n\n<p>Que votre enfant soit issu d&#8217;une famille bretonnante ou non, le cursus est adapt\u00e9 \u00e0 tous les enfants et aux parents qui les accompagnent. De la maternelle au lyc\u00e9e et m\u00eame au-del\u00e0, de plus en plus d&#8217;\u00e9tablissements proposent une fili\u00e8re en breton.<\/p>\n\n\n\n<h3 class=\"wp-block-heading\">b. L&#8217;\u00e9veil multilingue<\/h3>\n\n\n\n<p>Les enfants construisent leur facult\u00e9 de langage entre 0 et 7 ans, une p\u00e9riode cruciale pour l&#8217;\u00e9veil au multilinguisme. Apprendre plusieurs langues \u00e0 cet \u00e2ge renforce leur r\u00e9flexivit\u00e9, compr\u00e9hension, et capacit\u00e9 d&#8217;abstraction, influen\u00e7ant positivement leur vision du monde.<\/p>\n\n\n\n<h3 class=\"wp-block-heading\">c. Le breton, sur le podium des langues<\/h3>\n\n\n\n<p>Le breton, seconde langue la plus parl\u00e9e en Bretagne apr\u00e8s le fran\u00e7ais, offre une approche intelligente et stimulante du bilinguisme. Apprendre le breton permet aux enfants de donner un sens culturel aux \u00e9l\u00e9ments qui les entourent, des paysages \u00e0 la gastronomie, cr\u00e9ant ainsi des liens entre ce qu&#8217;ils voient et ce qu&#8217;ils entendent.<\/p>\n\n\n\n<h3 class=\"wp-block-heading\">d. Une langue vivante en \u00e9volution<\/h3>\n\n\n\n<p>Le breton, parl\u00e9 par 207 000 locuteurs en Bretagne, est une langue vivante en constante \u00e9volution. Pr\u00e9sente dans tous les aspects de la vie quotidienne, elle offre de multiples opportunit\u00e9s de lecture, \u00e9coute et conversation. Apprendre le breton devient ainsi un atout pour participer activement \u00e0 la vie culturelle r\u00e9gionale.<\/p>\n\n\n\n<h3 class=\"wp-block-heading\">e. Cr\u00e9ation de liens au-del\u00e0 des fronti\u00e8res<\/h3>\n\n\n\n<p>Apprendre le breton n&#8217;est pas seulement ancrer son attachement r\u00e9gional, mais aussi cr\u00e9er des liens au-del\u00e0 des fronti\u00e8res. Dans un contexte europ\u00e9en o\u00f9 plus de 46 millions d&#8217;Europ\u00e9ens utilisent une langue r\u00e9gionale, le breton devient une passerelle vers le partage et les \u00e9changes internationaux.<\/p>\n\n\n\n<h3 class=\"wp-block-heading\">f. Diversit\u00e9 linguistique et d\u00e9veloppement intellectuel <\/h3>\n\n\n\n<p>Les diff\u00e9rences linguistiques entre le breton et le fran\u00e7ais enrichissent l&#8217;inventaire phon\u00e9tique, lexical et grammatical de l&#8217;enfant. Ces diff\u00e9rences stimulent le d\u00e9veloppement de l&#8217;oreille, favorisent la souplesse intellectuelle, et facilitent l&#8217;apprentissage d&#8217;autres langues par la suite.<\/p>\n\n\n\n<h3 class=\"wp-block-heading has-text-align-center\">C&#8217;est pour quand le lancement du projet : Mon enfant est mon traducteur automatique breton-fran\u00e7ais !<\/h3>\n\n\n\n<figure class=\"wp-block-embed is-type-video is-provider-tiktok wp-block-embed-tiktok\"><div class=\"wp-block-embed__wrapper\">\n<blockquote class=\"tiktok-embed\" cite=\"https:\/\/www.tiktok.com\/@komzbrezhoneg\/video\/7344044191518936352\" data-video-id=\"7344044191518936352\" data-embed-from=\"oembed\" style=\"max-width:605px; min-width:325px;\"> <section> <a target=\"_blank\" title=\"@komzbrezhoneg\" href=\"https:\/\/www.tiktok.com\/@komzbrezhoneg?refer=embed\">@komzbrezhoneg<\/a> <p>\ud83d\udcacTu penses quoi des \u00e9coles en breton ?  \u23e9Pour t&#8217;aider \u00e0 trouver toutes les informations, je t&#8217;ai r\u00e9dig\u00e9 un article sur komzblog.bzh.  \ud83d\ude0ePour te faire un r\u00e9sum\u00e9 je parle de @ecole.bzh qui t&#8217;aide \u00e0 trouver les \u00e9coles et conna\u00eetre leurs prochaines portes ouvertes. \ud83d\udde3\ufe0fTu trouveras aussi des informations sur diff\u00e9rents r\u00e9seaux d&#8217;enseignement : &#8211; diwan &#8211; divyezh &#8211; divaskell \ud83d\udd1dPour terminer, tu y trouveras les informations concernant l&#8217;utilit\u00e9 du bilinguisme en breton.  __________________________________________________ <a title=\"komzbrezhoneg\" target=\"_blank\" href=\"https:\/\/www.tiktok.com\/tag\/komzbrezhoneg?refer=embed\">#komzbrezhoneg<\/a> <a title=\"brezhoneg\" target=\"_blank\" href=\"https:\/\/www.tiktok.com\/tag\/brezhoneg?refer=embed\">#brezhoneg<\/a>  <a title=\"bretagne\" target=\"_blank\" href=\"https:\/\/www.tiktok.com\/tag\/bretagne?refer=embed\">#Bretagne<\/a> <a title=\"finist\u00e8re\" target=\"_blank\" href=\"https:\/\/www.tiktok.com\/tag\/finist%C3%A8re?refer=embed\">#Finist\u00e8re<\/a> <a title=\"cotedarmor\" target=\"_blank\" href=\"https:\/\/www.tiktok.com\/tag\/cotedarmor?refer=embed\">#cotedarmor<\/a> <a title=\"morbihan\" target=\"_blank\" href=\"https:\/\/www.tiktok.com\/tag\/morbihan?refer=embed\">#morbihan<\/a> <a title=\"illeetvilaine\" target=\"_blank\" href=\"https:\/\/www.tiktok.com\/tag\/illeetvilaine?refer=embed\">#illeetvilaine<\/a> <a title=\"loireatlantique\" target=\"_blank\" href=\"https:\/\/www.tiktok.com\/tag\/loireatlantique?refer=embed\">#loireatlantique<\/a> <a title=\"bzh\" target=\"_blank\" href=\"https:\/\/www.tiktok.com\/tag\/bzh?refer=embed\">#bzh<\/a> <a title=\"bzhg\" target=\"_blank\" href=\"https:\/\/www.tiktok.com\/tag\/bzhg?refer=embed\">#bzhg<\/a>  <a title=\"breton\" target=\"_blank\" href=\"https:\/\/www.tiktok.com\/tag\/breton?refer=embed\">#breton<\/a> <a title=\"france\" target=\"_blank\" href=\"https:\/\/www.tiktok.com\/tag\/france?refer=embed\">#France<\/a> <a title=\"breizh\" target=\"_blank\" href=\"https:\/\/www.tiktok.com\/tag\/breizh?refer=embed\">#breizh<\/a> <a title=\"toutcommenceenfinistere\" target=\"_blank\" href=\"https:\/\/www.tiktok.com\/tag\/toutcommenceenfinistere?refer=embed\">#toutcommenceenfinistere<\/a> <a title=\"ecole\" target=\"_blank\" href=\"https:\/\/www.tiktok.com\/tag\/ecole?refer=embed\">#ecole<\/a> <a title=\"education\" target=\"_blank\" href=\"https:\/\/www.tiktok.com\/tag\/education?refer=embed\">#education<\/a> <a title=\"bilinguisme\" target=\"_blank\" href=\"https:\/\/www.tiktok.com\/tag\/bilinguisme?refer=embed\">#bilinguisme<\/a> <a title=\"bilingue\" target=\"_blank\" href=\"https:\/\/www.tiktok.com\/tag\/bilingue?refer=embed\">#bilingue<\/a> <a title=\"diwan\" target=\"_blank\" href=\"https:\/\/www.tiktok.com\/tag\/diwan?refer=embed\">#diwan<\/a> <a title=\"divyezh\" target=\"_blank\" href=\"https:\/\/www.tiktok.com\/tag\/divyezh?refer=embed\">#divyezh<\/a> <a title=\"divaskell\" target=\"_blank\" href=\"https:\/\/www.tiktok.com\/tag\/divaskell?refer=embed\">#divaskell<\/a><\/p> <a target=\"_blank\" title=\"\u266c son original - Parle de Bretagne\" href=\"https:\/\/www.tiktok.com\/music\/son-original-7344044236982291232?refer=embed\">\u266c son original &#8211; Parle de Bretagne<\/a> <\/section> <\/blockquote> <script async src=\"https:\/\/www.tiktok.com\/embed.js\"><\/script>\n<\/div><\/figure>\n","protected":false},"excerpt":{"rendered":"<p>La Bretagne t\u00e9moigne d&#8217;un attachement profond aux langues r\u00e9gionales et particuli\u00e8rement au breton. D&#8217;ailleurs de nombreuses \u00e9coles de breton \u00e9mergent depuis plusieurs ann\u00e9es pour initier les jeunes g\u00e9n\u00e9rations \u00e0 cet h\u00e9ritage linguistique unique. Plongeons dans le paysage \u00e9ducatif breton et explorons les diff\u00e9rentes fili\u00e8res d&#8217;\u00e9coles o\u00f9 les jeunes peuvent apprendre et s&#8217;\u00e9panouir en breton. 1. [&hellip;]<\/p>\n","protected":false},"author":2,"featured_media":1929,"comment_status":"closed","ping_status":"closed","sticky":false,"template":"","format":"standard","meta":{"_acf_changed":false,"_seopress_robots_primary_cat":"none","_seopress_titles_title":"","_seopress_titles_desc":"","_seopress_robots_index":"","footnotes":""},"categories":[1,38],"tags":[41],"class_list":["post-867","post","type-post","status-publish","format-standard","has-post-thumbnail","hentry","category-non-classifiee","category-parler-breton","tag-breton"],"acf":[],"_links":{"self":[{"href":"https:\/\/www.komzblog.bzh\/br-fr\/wp-json\/wp\/v2\/posts\/867","targetHints":{"allow":["GET"]}}],"collection":[{"href":"https:\/\/www.komzblog.bzh\/br-fr\/wp-json\/wp\/v2\/posts"}],"about":[{"href":"https:\/\/www.komzblog.bzh\/br-fr\/wp-json\/wp\/v2\/types\/post"}],"author":[{"embeddable":true,"href":"https:\/\/www.komzblog.bzh\/br-fr\/wp-json\/wp\/v2\/users\/2"}],"replies":[{"embeddable":true,"href":"https:\/\/www.komzblog.bzh\/br-fr\/wp-json\/wp\/v2\/comments?post=867"}],"version-history":[{"count":4,"href":"https:\/\/www.komzblog.bzh\/br-fr\/wp-json\/wp\/v2\/posts\/867\/revisions"}],"predecessor-version":[{"id":1259,"href":"https:\/\/www.komzblog.bzh\/br-fr\/wp-json\/wp\/v2\/posts\/867\/revisions\/1259"}],"wp:featuredmedia":[{"embeddable":true,"href":"https:\/\/www.komzblog.bzh\/br-fr\/wp-json\/wp\/v2\/media\/1929"}],"wp:attachment":[{"href":"https:\/\/www.komzblog.bzh\/br-fr\/wp-json\/wp\/v2\/media?parent=867"}],"wp:term":[{"taxonomy":"category","embeddable":true,"href":"https:\/\/www.komzblog.bzh\/br-fr\/wp-json\/wp\/v2\/categories?post=867"},{"taxonomy":"post_tag","embeddable":true,"href":"https:\/\/www.komzblog.bzh\/br-fr\/wp-json\/wp\/v2\/tags?post=867"}],"curies":[{"name":"wp","href":"https:\/\/api.w.org\/{rel}","templated":true}]}}